{"id":5699,"date":"2026-03-12T06:30:00","date_gmt":"2026-03-12T05:30:00","guid":{"rendered":"https:\/\/www.orbis-group.com\/de-de\/blog\/?p=5699"},"modified":"2026-03-17T09:33:21","modified_gmt":"2026-03-17T08:33:21","slug":"events-nach-dsgvo-organisieren","status":"publish","type":"post","link":"https:\/\/www.orbis-group.com\/de-de\/blog\/prozesse\/marketing\/events-nach-dsgvo-organisieren\/","title":{"rendered":"Eventmanagement und DSGVO: Wie Unternehmen Events datenschutzkonform organisieren"},"content":{"rendered":"\n<p>Die Einladung ist verschickt, die ersten Anmeldungen trudeln ein. Die Teilnehmerliste w\u00e4chst \u2013 und damit auch die Verantwortung. Namen, E-Mail-Adressen, Unternehmen, Essensw\u00fcnsche, vielleicht sogar Hotelbuchungen oder Zertifizierungen: Kaum ein Bereich sammelt in so kurzer Zeit so viele personenbezogene Daten wie das Eventmanagement einer Marketingabteilung.<\/p>\n\n\n\n<p>F\u00fcr Eventmanager geh\u00f6rt diese Datenf\u00fclle zum Alltag. Doch aus Sicht des Datenschutzes entsteht dabei ein komplexes Projekt \u2013 jedes einzelne Mal. Und wer hier unvorsichtig arbeitet, riskiert nicht nur formelle Bu\u00dfgelder, sondern im schlimmsten Fall das Vertrauen des wichtigsten Guts einer Veranstaltung: der Teilnehmer.<\/p>\n\n\n\n<h2 class=\"wp-block-heading\" id=\"h-warum-dsgvo-im-eventmanagement-kein-randthema-ist\">Warum DSGVO im Eventmanagement kein Randthema ist<\/h2>\n\n\n\n<p>Stellen wir uns eine typische Woche im Eventteam vor:<\/p>\n\n\n\n<p>Eine Kollegin legt die tagesaktuelle Teilnehmerliste in eine Excel-Datei. Da die Location noch Infos zur Bestuhlung braucht, wird die Liste schnell weitergeleitet \u2013 an interne Ansprechpartner, an die Agentur, an den Caterer. Am Eventtag selbst liegt die Liste ausgedruckt am Check-in-Tresen. Nach der Veranstaltung wandert sie in einen Ordner, \u201ef\u00fcr alle F\u00e4lle\u201c. Und bleibt dort Monate \u2013 manchmal sogar Jahre \u2013 liegen.<\/p>\n\n\n\n<p>Was organisatorisch oft pragmatisch erscheint, ist aus DSGVO-Sicht ein Minenfeld. Denn personenbezogene Daten d\u00fcrfen nur verarbeitet werden, wenn sie zweckgebunden, sicher und zeitlich begrenzt genutzt werden.<\/p>\n\n\n\n<p>Viele Unternehmen scheitern hier nicht aus Absicht, sondern aus fehlender Struktur: Es gibt keinen einheitlichen Prozess, keine klare Datenhoheit, keine \u00dcbersicht \u00fcber L\u00f6schfristen oder Berechtigungen.<\/p>\n\n\n\n<p>Genau deshalb gilt: <strong>Datenschutz ist kein l\u00e4stiger Zusatz <\/strong>\u2013 er ist <strong>Fundament guter Eventorganisation.<\/strong><a id=\"_msocom_1\"><\/a><\/p>\n\n\n\n<h2 class=\"wp-block-heading\" id=\"h-welche-personenbezogenen-daten-fallen-an-wenn-sie-events-organisieren\">Welche personenbezogenen Daten fallen an, wenn Sie Events organisieren?<\/h2>\n\n\n\n<p>Oft untersch\u00e4tzen Unternehmen, wie viele Daten im Hintergrund eines Events tats\u00e4chlich generiert werden. Dazu geh\u00f6ren:<\/p>\n\n\n\n<ul class=\"wp-block-list\">\n<li>Kontaktdaten wie Name, E-Mail-Adresse, Unternehmen, Funktion<\/li>\n\n\n\n<li>Anmelde- und Teilnahmestatus<\/li>\n\n\n\n<li>Rechnungs-, Zahlungs- oder Buchungsdaten<\/li>\n\n\n\n<li>Anwesenheitsnachweise und Zertifizierungen<\/li>\n\n\n\n<li>Foto- und Videoaufnahmen<\/li>\n\n\n\n<li>Kommunikationshistorien (Einladung, Reminder, Feedback)<\/li>\n<\/ul>\n\n\n\n<p>Egal ob kleine Workshoprunde, gro\u00dfes Kunden-Event, Webinar oder hybrides Format: Sobald eine Person identifizierbar ist, gilt die DSGVO \u2013 und zwar vollst\u00e4ndig.<\/p>\n\n\n\n<h2 class=\"wp-block-heading\" id=\"h-wer-tragt-die-verantwortung\">Wer tr\u00e4gt die Verantwortung?<\/h2>\n\n\n\n<p>Juristisch betrachtet steht das veranstaltende Unternehmen in der Pflicht. Es ist der <strong>\u201eVerantwortliche\u201c<\/strong> im Sinne der DSGVO. Es bestimmt, warum und wie personenbezogene Daten genutzt werden.<\/p>\n\n\n\n<p>Dienstleister hingegen \u2013 Eventagenturen, Check-in-Services, Softwareanbieter oder Badge-Druckereien \u2013 fungieren als <strong>Auftragsverarbeiter<\/strong>. Hier m\u00fcssen Auftragsverarbeitungsvertr\u00e4ge vorhanden sein, die Transparenz und Sicherheit gew\u00e4hrleisten.<\/p>\n\n\n\n<p>Gerade bei gro\u00dfen Eventstrukturen mit vielen Beteiligten wird eine Frage zur Schl\u00fcsselrolle: <strong>Wer darf eigentlich was? <\/strong>Eine klare Rollen- und Rechteverteilung verhindert Chaos \u2013 und sch\u00fctzt gleichzeitig sensible Informationen.<a id=\"_msocom_1\"><\/a><\/p>\n\n\n\n<div class=\"wp-block-buttons is-layout-flex wp-block-buttons-is-layout-flex\">\n<div class=\"wp-block-button is-style-color-green\" id=\"extgut-69f2174b5806b\"><a class=\"wp-block-button__link wp-element-button\" title=\"Rollen- und Berechtigungskonzept einer Event Management Software\" href=\"https:\/\/www.orbis-group.com\/de-de\/media-center\/checkliste\/detail\/event-management-software.html\" target=\"_blank\" rel=\"noreferrer noopener\">ORBIS TEM Rollen-&amp; Berechtigungskonzept herunterladen<\/a><\/div>\n<\/div>\n\n\n\n<p><\/p>\n\n\n\n<h2 class=\"wp-block-heading\" id=\"h-rechtsgrundlagen-was-ist-erlaubt-und-was-nicht\">Rechtsgrundlagen: Was ist erlaubt \u2013 und was nicht?<\/h2>\n\n\n\n<p>Damit personenbezogene Daten verarbeitet werden d\u00fcrfen, braucht es eine Rechtsgrundlage. Am h\u00e4ufigsten relevant im Eventkontext:<\/p>\n\n\n\n<ul class=\"wp-block-list\">\n<li><strong>Vertragserf\u00fcllung<\/strong>: z.\u202fB. Anmeldung oder Ticketprozess<\/li>\n\n\n\n<li><strong>Berechtigtes Interesse<\/strong>: organisatorische E-Mails rund um das Event<\/li>\n\n\n\n<li><strong>Einwilligung<\/strong>: v.\u202fa. f\u00fcr Marketing-Zwecke oder Foto-\/Videoaufnahmen<\/li>\n<\/ul>\n\n\n\n<p>Ein oft untersch\u00e4tztes Thema: <strong>Eventeinladungen per E-Mail<\/strong>.<\/p>\n\n\n\n<p>Diese sind ohne vorherige Einwilligung nur in klar definierten Ausnahmef\u00e4llen erlaubt. Auch Foto- und Videoaufnahmen ben\u00f6tigen meist eine eindeutige, dokumentierte Zustimmung.<\/p>\n\n\n\n<h2 class=\"wp-block-heading\" id=\"h-die-wichtigsten-dsgvo-pflichten-im-eventmanagement-von-unternehmen\">Die wichtigsten DSGVO-Pflichten im Eventmanagement von Unternehmen<\/h2>\n\n\n\n<ol class=\"wp-block-list\">\n<li><strong>Transparenz schaffen<\/strong>: Teilnehmer m\u00fcssen wissen, welche Daten warum und wie lange verarbeitet werden. Datenschutzinformationen geh\u00f6ren daher schon ins Anmeldeformular \u2013 und nicht erst in die Fu\u00dfnote des Eventprogramms.<\/li>\n\n\n\n<li><strong>Daten minimieren<\/strong>: \u201eNice to have\u201c ist nicht \u201erechtlich erlaubt\u201c. Abgefragt wird nur, was unbedingt n\u00f6tig ist.<\/li>\n\n\n\n<li><strong>Einwilligungen strukturiert verwalten<\/strong>: Einwilligungen m\u00fcssen freiwillig, eindeutig und jederzeit widerrufbar sein \u2013 und vor allem sauber dokumentiert.<\/li>\n\n\n\n<li><strong>Datensicherheit gew\u00e4hrleisten<\/strong>: Unverschl\u00fcsselte Excel-Listen, offene E-Mail-Verteiler oder \u00f6ffentlich zug\u00e4ngliche Check-in-Stationen sind ein Risiko. Ben\u00f6tigt werden: Rollenmodelle, Zugriffskonzepte und zentrale Datenhaltung.<\/li>\n\n\n\n<li><strong>L\u00f6schfristen einhalten<\/strong>: Nach dem Event beginnt der zweite Teil der Arbeit: Daten m\u00fcssen gel\u00f6scht oder anonymisiert werden \u2013 sobald der Zweck erf\u00fcllt ist.<\/li>\n<\/ol>\n\n\n\n<h2 class=\"wp-block-heading\" id=\"h-typische-datenschutz-fallstricke-in-der-praxis\">Typische Datenschutz-Fallstricke in der Praxis<\/h2>\n\n\n\n<p>In vielen Unternehmen sehen Eventprozesse heute noch genauso aus wie vor zehn oder f\u00fcnfzehn Jahren \u2013 gewachsen, pragmatisch, gut gemeint, aber selten ganzheitlich gedacht. Genau deshalb entstehen typische Datenschutzrisiken, die im Alltag oft \u00fcbersehen werden.<\/p>\n\n\n\n<h3 class=\"wp-block-heading\" id=\"h-datensilos-uber-verschiedene-tools-und-listen\">Datensilos \u00fcber verschiedene Tools und Listen<\/h3>\n\n\n\n<p>Eine Anmeldung l\u00e4uft \u00fcber ein Formular-Tool, die Teilnehmerliste wandert in Excel, der Check-in wird \u00fcber eine separate App organisiert und das Feedback landet schlie\u00dflich in einem dritten System. Jede Abteilung nutzt das Tool, das \u201eschon immer gut funktioniert hat\u201c. Das Resultat: Daten sind verteilt, un\u00fcbersichtlich und schwer zu kontrollieren.<\/p>\n\n\n\n<h3 class=\"wp-block-heading\" id=\"h-keine-abstimmung-zwischen-marketing-eventteam-und-it\">Keine Abstimmung zwischen Marketing, Eventteam und IT<\/h3>\n\n\n\n<p>W\u00e4hrend das Marketing schnelle Kampagnen fahren m\u00f6chte, arbeitet das Eventteam an Teilnehmerverwaltung und Logistik, und die IT versucht, Sicherheitsstandards aufrechtzuerhalten. Oft ziehen alle an einem Strang \u2013 aber eben nicht im selben Rhythmus. Das kann zu L\u00fccken f\u00fchren, etwa wenn Daten anders genutzt werden als urspr\u00fcnglich geplant.<\/p>\n\n\n\n<h3 class=\"wp-block-heading\" id=\"h-fehlende-loschkonzepte\">Fehlende L\u00f6schkonzepte<\/h3>\n\n\n\n<p>Kaum jemand hat Zeit, nach dem Event sofort Daten zu bereinigen. Viele Informationen bleiben l\u00e4nger gespeichert als erlaubt \u2013 auf Desktops, in Cloud-Ordnern oder auf Servern. Nicht aus Bequemlichkeit, sondern weil der Prozess daf\u00fcr schlicht nicht existiert.<\/p>\n\n\n\n<h3 class=\"wp-block-heading\" id=\"h-dienstleister-ohne-auftragsverarbeitungs-vertrage\">Dienstleister ohne Auftragsverarbeitungs-Vertr\u00e4ge<\/h3>\n\n\n\n<p>Ob Fotografin, Eventagentur, Technikdienstleister oder Badge-Druckservice: Sie alle haben Zugriff auf personenbezogene Daten. Doch ohne klar geregelte Auftragsverarbeitung bleibt unklar, wie mit diesen Daten umgegangen wird \u2013 und wer im Ernstfall haftet.<\/p>\n\n\n\n<h3 class=\"wp-block-heading\" id=\"h-medienbruche-zwischen-anmeldung-check-in-und-nachbereitung\">Medienbr\u00fcche zwischen Anmeldung, Check-in und Nachbereitung<\/h3>\n\n\n\n<p>Daten, die von der Online-Anmeldung ausgedruckt, beim Check-in manuell abgehakt und sp\u00e4ter m\u00fchsam wieder digitalisiert werden. Jeder \u00dcbergang ist eine potenzielle Fehlerquelle \u2013 und ein Moment, in dem Daten ungesichert herumliegen.<\/p>\n\n\n\n<p>Das Gute ist: Diese Fallstricke sind keine Naturgegebenheit. Sie entstehen aus fehlender Struktur \u2013 und k\u00f6nnen ebenso gut durch klare Prozesse und passende Software wieder verschwinden. Mit einer durchg\u00e4ngigen L\u00f6sung, die Daten zentral verwaltet, Workflows automatisiert und Berechtigungen klar steuert, lassen sich diese Risiken nachhaltig minimieren.<\/p>\n\n\n\n<h2 class=\"wp-block-heading\" id=\"h-warum-strukturierte-eventprozesse-der-schlussel-sind\">Warum strukturierte Eventprozesse der Schl\u00fcssel sind<\/h2>\n\n\n\n<p>Datenschutz ist kein juristisches Nischenthema \u2013 er ist ein Qualit\u00e4tsmerkmal. Je klarer, transparenter und zentraler Eventprozesse organisiert sind, desto einfacher lassen sich DSGVO-Anforderungen einhalten.<\/p>\n\n\n\n<p>Das ist der Punkt, an dem manuelle Excel-Listen und Insell\u00f6sungen scheitern. Wer Daten \u00fcber verschiedene Systeme verteilt, verliert irgendwann die Kontrolle \u2013 und damit auch die Rechtssicherheit.<\/p>\n\n\n\n<h3 class=\"wp-block-heading\" id=\"h-datenschutzkonformes-eventmanagement-mit-orbis-tem\">Datenschutzkonformes Eventmanagement mit ORBIS TEM<\/h3>\n\n\n\n<p>Wer Eventdaten sicher und professionell managen m\u00f6chte, braucht mehr als gute Vors\u00e4tze \u2013 er braucht ein System, das Datenschutz im Alltag wirklich lebbar macht. Genau hier setzt <a href=\"https:\/\/www.orbis-group.com\/de-de\/sap-orbis-loesungen\/training-event-management.html\" target=\"_blank\" rel=\"noreferrer noopener\" title=\"Event Management Software f\u00fcr Ihre SAP-Systemlandschaft\">ORBIS TEM<\/a> an. Die Training- &amp; Event-Management-Software von ORBIS schafft nicht nur Ordnung, sondern echte Entlastung: Sie f\u00fchrt alle Eventdaten auf einer einzigen, sicheren Plattform zusammen, vollst\u00e4ndig integriert in die SAP-Landschaft, die viele Unternehmen bereits im Einsatz haben.<\/p>\n\n\n\n<p>Was das in der Praxis bedeutet?<\/p>\n\n\n\n<p>Statt verstreuter Excel-Listen, vieler Einzelsysteme und unklarer Datenfl\u00fcsse entsteht ein zentraler, transparenter und DSGVO-konformer Prozess \u2013 von der ersten Einladung bis zum letzten Follow-up.<\/p>\n\n\n\n<p>Mit ORBIS TEM werden:<\/p>\n\n\n\n<ul class=\"wp-block-list\">\n<li><strong>Datensilos konsequent vermieden:<\/strong> Alle relevanten Informationen liegen strukturiert an einem Ort.<\/li>\n\n\n\n<li><strong>Rollen und Berechtigungen klar gesteuert:<\/strong> Nur die richtigen Personen erhalten Zugriff auf sensible Daten \u2013 automatisch und sicher.<\/li>\n\n\n\n<li><strong>Online-Anmeldungen datenschutzkonform gestaltet:<\/strong> Teilnehmer wissen jederzeit, welche Daten zu welchem Zweck verarbeitet werden.<\/li>\n\n\n\n<li><strong>Einwilligungen nachvollziehbar dokumentiert:<\/strong> Ob Marketing-Opt-in oder Foto-\/Videofreigabe \u2013 jede Zustimmung ist sauber protokolliert.<\/li>\n\n\n\n<li><strong>L\u00f6schfristen automatisch eingehalten:<\/strong> Daten werden genau dann gel\u00f6scht oder anonymisiert, wenn der Zweck erf\u00fcllt ist \u2013 ohne manuelle Nacharbeit.<\/li>\n\n\n\n<li><strong>Medienbr\u00fcche eliminiert:<\/strong> Alle Prozessschritte laufen in einem durchg\u00e4ngigen, digitalen Workflow.<\/li>\n<\/ul>\n\n\n\n<p>So wird aus dem oft gef\u00fcrchteten Thema Datenschutz kein Hindernis, sondern ein Qualit\u00e4tsversprechen: gegen\u00fcber Teilnehmern, Partnern und der eigenen Organisation. ORBIS TEM erm\u00f6glicht Eventmanagement, das sicher, effizient und professionell ist \u2013 und das Vertrauen Ihrer Zielgruppen nachhaltig st\u00e4rkt.<a id=\"_msocom_1\"><\/a><\/p>\n\n\n\n<h2 class=\"wp-block-heading\" id=\"h-fazit-dsgvo-als-chance-fur-bessere-events-wie-geht-das\">Fazit: DSGVO als Chance f\u00fcr bessere Events \u2013 wie geht das?<\/h2>\n\n\n\n<p>Datenschutz und Eventmanagement passen wunderbar zusammen \u2013 wenn die Strukturen stimmen. DSGVO-konforme Prozesse bedeuten nicht mehr Aufwand, sondern mehr Professionalit\u00e4t, Effizienz und Sicherheit.<\/p>\n\n\n\n<p>Unternehmen profitieren gleich mehrfach:<\/p>\n\n\n\n<ul class=\"wp-block-list\">\n<li>Sie arbeiten sauber und gesetzeskonform.<\/li>\n\n\n\n<li>Sie schaffen Vertrauen bei ihren Teilnehmern.<\/li>\n\n\n\n<li>Sie gewinnen Transparenz in ihren Eventprozessen.<\/li>\n\n\n\n<li>Sie st\u00e4rken ihr Markenimage nachhaltig.<\/li>\n<\/ul>\n\n\n\n<p>Und gerade in einer Welt, in der digitale und hybride Events weiterwachsen, wird Datenschutz zum echten Wettbewerbsvorteil.<\/p>\n\n\n\n<p>Mit der richtigen Prozessarchitektur \u2013 und der passenden Software \u2013 lassen sich herausragende Events organisieren, die begeistern und gleichzeitig h\u00f6chsten Datenschutzstandards entsprechen.<\/p>\n\n\n\n<div class=\"wp-block-buttons is-layout-flex wp-block-buttons-is-layout-flex\">\n<div class=\"wp-block-button is-style-color-lightblue\" id=\"extgut-69f2174b593e0\"><a class=\"wp-block-button__link wp-element-button\" title=\"ORBIS TEM Beratungstermin vereinbaren\" href=\"https:\/\/www.orbis-group.com\/de-de\/anmeldungen\/beratung-customer-experience.html\" target=\"_blank\" rel=\"noreferrer noopener\">Jetzt kostenlosen Beratungstermin vereinbaren!<\/a><\/div>\n<\/div>\n","protected":false},"excerpt":{"rendered":"<p>Events verarbeiten personenbezogene Daten und bergen zahlreiche Datenschutzrisiken. Erfahren Sie, wie Unternehmen ihre Veranstaltungen mit klaren Prozessen und smarter Software DSGVO konform managen \u2013 und dabei das Vertrauen ihrer Teilnehmer st\u00e4rken.<\/p>\n","protected":false},"author":44,"featured_media":5689,"comment_status":"closed","ping_status":"open","sticky":false,"template":"","format":"standard","meta":{"_acf_changed":false,"footnotes":""},"categories":[4,47,41,66,7,56,45],"tags":[62,3],"class_list":["post-5699","post","type-post","status-publish","format-standard","has-post-thumbnail","hentry","category-branchen","category-branchenuebergreifend","category-marketing","category-personalmanagement","category-prozesse","category-service","category-vertrieb","tag-orbis-tem","tag-sap"],"acf":[],"yoast_head":"<!-- This site is optimized with the Yoast SEO Premium plugin v27.5 (Yoast SEO v27.5) - https:\/\/yoast.com\/product\/yoast-seo-premium-wordpress\/ -->\n<title>Datenschutzkonforme Organisation im Eventmanagement<\/title>\n<meta name=\"description\" content=\"Erfahren Sie, wie Events DSGVO\u2011konform geplant werden \u2013 mit klaren Prozessen, weniger Risiken und smarter Eventmanagement\u2011Software.\" \/>\n<meta name=\"robots\" content=\"index, follow, max-snippet:-1, max-image-preview:large, max-video-preview:-1\" \/>\n<link rel=\"canonical\" href=\"https:\/\/www.orbis-group.com\/de-de\/blog\/prozesse\/marketing\/events-nach-dsgvo-organisieren\/\" \/>\n<meta property=\"og:locale\" content=\"de_DE\" \/>\n<meta property=\"og:type\" content=\"article\" \/>\n<meta property=\"og:title\" content=\"Eventmanagement und DSGVO: Wie Unternehmen Events datenschutzkonform organisieren\" \/>\n<meta property=\"og:description\" content=\"Erfahren Sie, wie Events DSGVO\u2011konform geplant werden \u2013 mit klaren Prozessen, weniger Risiken und smarter Eventmanagement\u2011Software.\" \/>\n<meta property=\"og:url\" content=\"https:\/\/www.orbis-group.com\/de-de\/blog\/prozesse\/marketing\/events-nach-dsgvo-organisieren\/\" \/>\n<meta property=\"og:site_name\" content=\"ORBIS Blog\" \/>\n<meta property=\"article:published_time\" content=\"2026-03-12T05:30:00+00:00\" \/>\n<meta property=\"article:modified_time\" content=\"2026-03-17T08:33:21+00:00\" \/>\n<meta property=\"og:image\" content=\"https:\/\/www.orbis-group.com\/de-de\/blog\/wp-content\/uploads\/2026\/03\/Eventmanagement-und-DSGVO-Wie-Unternehmen-Events-datenschutzkonform-organisieren.jpg\" \/>\n\t<meta property=\"og:image:width\" content=\"800\" \/>\n\t<meta property=\"og:image:height\" content=\"400\" \/>\n\t<meta property=\"og:image:type\" content=\"image\/jpeg\" \/>\n<meta name=\"author\" content=\"Elisa von Auenm\u00fcller\" \/>\n<meta name=\"twitter:card\" content=\"summary_large_image\" \/>\n<meta name=\"twitter:label1\" content=\"Verfasst von\" \/>\n\t<meta name=\"twitter:data1\" content=\"Elisa von Auenm\u00fcller\" \/>\n\t<meta name=\"twitter:label2\" content=\"Gesch\u00e4tzte Lesezeit\" \/>\n\t<meta name=\"twitter:data2\" content=\"8\u00a0Minuten\" \/>\n<script type=\"application\/ld+json\" class=\"yoast-schema-graph\">{\"@context\":\"https:\\\/\\\/schema.org\",\"@graph\":[{\"@type\":\"Article\",\"@id\":\"https:\\\/\\\/www.orbis-group.com\\\/de-de\\\/blog\\\/prozesse\\\/marketing\\\/events-nach-dsgvo-organisieren\\\/#article\",\"isPartOf\":{\"@id\":\"https:\\\/\\\/www.orbis-group.com\\\/de-de\\\/blog\\\/prozesse\\\/marketing\\\/events-nach-dsgvo-organisieren\\\/\"},\"author\":{\"name\":\"Elisa von Auenm\u00fcller\",\"@id\":\"https:\\\/\\\/www.orbis-group.com\\\/de-de\\\/blog\\\/#\\\/schema\\\/person\\\/6410346343d1565e5408204f2da8f9b6\"},\"headline\":\"Eventmanagement und DSGVO: Wie Unternehmen Events datenschutzkonform organisieren\",\"datePublished\":\"2026-03-12T05:30:00+00:00\",\"dateModified\":\"2026-03-17T08:33:21+00:00\",\"mainEntityOfPage\":{\"@id\":\"https:\\\/\\\/www.orbis-group.com\\\/de-de\\\/blog\\\/prozesse\\\/marketing\\\/events-nach-dsgvo-organisieren\\\/\"},\"wordCount\":1324,\"image\":{\"@id\":\"https:\\\/\\\/www.orbis-group.com\\\/de-de\\\/blog\\\/prozesse\\\/marketing\\\/events-nach-dsgvo-organisieren\\\/#primaryimage\"},\"thumbnailUrl\":\"https:\\\/\\\/www.orbis-group.com\\\/de-de\\\/blog\\\/wp-content\\\/uploads\\\/2026\\\/03\\\/Eventmanagement-und-DSGVO-Wie-Unternehmen-Events-datenschutzkonform-organisieren.jpg\",\"keywords\":[\"ORBIS TEM\",\"SAP\"],\"articleSection\":[\"Branchen\",\"Branchen\u00fcbergreifend\",\"Marketing\",\"Personalmanagement\",\"Prozesse\",\"Service\",\"Vertrieb\"],\"inLanguage\":\"de\"},{\"@type\":\"WebPage\",\"@id\":\"https:\\\/\\\/www.orbis-group.com\\\/de-de\\\/blog\\\/prozesse\\\/marketing\\\/events-nach-dsgvo-organisieren\\\/\",\"url\":\"https:\\\/\\\/www.orbis-group.com\\\/de-de\\\/blog\\\/prozesse\\\/marketing\\\/events-nach-dsgvo-organisieren\\\/\",\"name\":\"Datenschutzkonforme Organisation im Eventmanagement\",\"isPartOf\":{\"@id\":\"https:\\\/\\\/www.orbis-group.com\\\/de-de\\\/blog\\\/#website\"},\"primaryImageOfPage\":{\"@id\":\"https:\\\/\\\/www.orbis-group.com\\\/de-de\\\/blog\\\/prozesse\\\/marketing\\\/events-nach-dsgvo-organisieren\\\/#primaryimage\"},\"image\":{\"@id\":\"https:\\\/\\\/www.orbis-group.com\\\/de-de\\\/blog\\\/prozesse\\\/marketing\\\/events-nach-dsgvo-organisieren\\\/#primaryimage\"},\"thumbnailUrl\":\"https:\\\/\\\/www.orbis-group.com\\\/de-de\\\/blog\\\/wp-content\\\/uploads\\\/2026\\\/03\\\/Eventmanagement-und-DSGVO-Wie-Unternehmen-Events-datenschutzkonform-organisieren.jpg\",\"datePublished\":\"2026-03-12T05:30:00+00:00\",\"dateModified\":\"2026-03-17T08:33:21+00:00\",\"author\":{\"@id\":\"https:\\\/\\\/www.orbis-group.com\\\/de-de\\\/blog\\\/#\\\/schema\\\/person\\\/6410346343d1565e5408204f2da8f9b6\"},\"description\":\"Erfahren Sie, wie Events DSGVO\u2011konform geplant werden \u2013 mit klaren Prozessen, weniger Risiken und smarter Eventmanagement\u2011Software.\",\"breadcrumb\":{\"@id\":\"https:\\\/\\\/www.orbis-group.com\\\/de-de\\\/blog\\\/prozesse\\\/marketing\\\/events-nach-dsgvo-organisieren\\\/#breadcrumb\"},\"inLanguage\":\"de\",\"potentialAction\":[{\"@type\":\"ReadAction\",\"target\":[\"https:\\\/\\\/www.orbis-group.com\\\/de-de\\\/blog\\\/prozesse\\\/marketing\\\/events-nach-dsgvo-organisieren\\\/\"]}]},{\"@type\":\"ImageObject\",\"inLanguage\":\"de\",\"@id\":\"https:\\\/\\\/www.orbis-group.com\\\/de-de\\\/blog\\\/prozesse\\\/marketing\\\/events-nach-dsgvo-organisieren\\\/#primaryimage\",\"url\":\"https:\\\/\\\/www.orbis-group.com\\\/de-de\\\/blog\\\/wp-content\\\/uploads\\\/2026\\\/03\\\/Eventmanagement-und-DSGVO-Wie-Unternehmen-Events-datenschutzkonform-organisieren.jpg\",\"contentUrl\":\"https:\\\/\\\/www.orbis-group.com\\\/de-de\\\/blog\\\/wp-content\\\/uploads\\\/2026\\\/03\\\/Eventmanagement-und-DSGVO-Wie-Unternehmen-Events-datenschutzkonform-organisieren.jpg\",\"width\":800,\"height\":400,\"caption\":\"Eventmanagement & DSGVO\"},{\"@type\":\"BreadcrumbList\",\"@id\":\"https:\\\/\\\/www.orbis-group.com\\\/de-de\\\/blog\\\/prozesse\\\/marketing\\\/events-nach-dsgvo-organisieren\\\/#breadcrumb\",\"itemListElement\":[{\"@type\":\"ListItem\",\"position\":1,\"name\":\"Start\",\"item\":\"https:\\\/\\\/www.orbis-group.com\\\/de-de\\\/blog\\\/\"},{\"@type\":\"ListItem\",\"position\":2,\"name\":\"Eventmanagement und DSGVO: Wie Unternehmen Events datenschutzkonform organisieren\"}]},{\"@type\":\"WebSite\",\"@id\":\"https:\\\/\\\/www.orbis-group.com\\\/de-de\\\/blog\\\/#website\",\"url\":\"https:\\\/\\\/www.orbis-group.com\\\/de-de\\\/blog\\\/\",\"name\":\"ORBIS Blog\",\"description\":\"In unserem Blog erfahren Sie alle Neuigkeiten rund um die ORBIS SE.\",\"potentialAction\":[{\"@type\":\"SearchAction\",\"target\":{\"@type\":\"EntryPoint\",\"urlTemplate\":\"https:\\\/\\\/www.orbis-group.com\\\/de-de\\\/blog\\\/?s={search_term_string}\"},\"query-input\":{\"@type\":\"PropertyValueSpecification\",\"valueRequired\":true,\"valueName\":\"search_term_string\"}}],\"inLanguage\":\"de\"},{\"@type\":\"Person\",\"@id\":\"https:\\\/\\\/www.orbis-group.com\\\/de-de\\\/blog\\\/#\\\/schema\\\/person\\\/6410346343d1565e5408204f2da8f9b6\",\"name\":\"Elisa von Auenm\u00fcller\",\"image\":{\"@type\":\"ImageObject\",\"inLanguage\":\"de\",\"@id\":\"https:\\\/\\\/secure.gravatar.com\\\/avatar\\\/9c56ea83058f30b5a65999f47e06881d3c21bba5a10e7afc215dd4f94dc4dcea?s=96&d=mm&r=g\",\"url\":\"https:\\\/\\\/secure.gravatar.com\\\/avatar\\\/9c56ea83058f30b5a65999f47e06881d3c21bba5a10e7afc215dd4f94dc4dcea?s=96&d=mm&r=g\",\"contentUrl\":\"https:\\\/\\\/secure.gravatar.com\\\/avatar\\\/9c56ea83058f30b5a65999f47e06881d3c21bba5a10e7afc215dd4f94dc4dcea?s=96&d=mm&r=g\",\"caption\":\"Elisa von Auenm\u00fcller\"},\"description\":\"Von Beginn ihrer beruflichen Laufbahn an lag ihr Schwerpunkt und ihre Leidenschaft in der Organisation von Events. Im Jahr 2019 entschied sich Elisa, ihren Blickwinkel zu \u00e4ndern und ihr Wissen als Eventmanagerin f\u00fcr die Verbesserung von Event-Prozessen einzusetzen: Sie arbeitet seitdem beratend an der Entwicklung der Training und Eventmanagement Software ORBIS TEM mit. Elisa reist in ihrer Freizeit gerne, am liebsten mit einem Segelboot.\",\"url\":\"https:\\\/\\\/www.orbis-group.com\\\/de-de\\\/blog\\\/autor\\\/elisa-von-auenmueller\\\/\"}]}<\/script>\n<!-- \/ Yoast SEO Premium plugin. -->","yoast_head_json":{"title":"Datenschutzkonforme Organisation im Eventmanagement","description":"Erfahren Sie, wie Events DSGVO\u2011konform geplant werden \u2013 mit klaren Prozessen, weniger Risiken und smarter Eventmanagement\u2011Software.","robots":{"index":"index","follow":"follow","max-snippet":"max-snippet:-1","max-image-preview":"max-image-preview:large","max-video-preview":"max-video-preview:-1"},"canonical":"https:\/\/www.orbis-group.com\/de-de\/blog\/prozesse\/marketing\/events-nach-dsgvo-organisieren\/","og_locale":"de_DE","og_type":"article","og_title":"Eventmanagement und DSGVO: Wie Unternehmen Events datenschutzkonform organisieren","og_description":"Erfahren Sie, wie Events DSGVO\u2011konform geplant werden \u2013 mit klaren Prozessen, weniger Risiken und smarter Eventmanagement\u2011Software.","og_url":"https:\/\/www.orbis-group.com\/de-de\/blog\/prozesse\/marketing\/events-nach-dsgvo-organisieren\/","og_site_name":"ORBIS Blog","article_published_time":"2026-03-12T05:30:00+00:00","article_modified_time":"2026-03-17T08:33:21+00:00","og_image":[{"width":800,"height":400,"url":"https:\/\/www.orbis-group.com\/de-de\/blog\/wp-content\/uploads\/2026\/03\/Eventmanagement-und-DSGVO-Wie-Unternehmen-Events-datenschutzkonform-organisieren.jpg","type":"image\/jpeg"}],"author":"Elisa von Auenm\u00fcller","twitter_card":"summary_large_image","twitter_misc":{"Verfasst von":"Elisa von Auenm\u00fcller","Gesch\u00e4tzte Lesezeit":"8\u00a0Minuten"},"schema":{"@context":"https:\/\/schema.org","@graph":[{"@type":"Article","@id":"https:\/\/www.orbis-group.com\/de-de\/blog\/prozesse\/marketing\/events-nach-dsgvo-organisieren\/#article","isPartOf":{"@id":"https:\/\/www.orbis-group.com\/de-de\/blog\/prozesse\/marketing\/events-nach-dsgvo-organisieren\/"},"author":{"name":"Elisa von Auenm\u00fcller","@id":"https:\/\/www.orbis-group.com\/de-de\/blog\/#\/schema\/person\/6410346343d1565e5408204f2da8f9b6"},"headline":"Eventmanagement und DSGVO: Wie Unternehmen Events datenschutzkonform organisieren","datePublished":"2026-03-12T05:30:00+00:00","dateModified":"2026-03-17T08:33:21+00:00","mainEntityOfPage":{"@id":"https:\/\/www.orbis-group.com\/de-de\/blog\/prozesse\/marketing\/events-nach-dsgvo-organisieren\/"},"wordCount":1324,"image":{"@id":"https:\/\/www.orbis-group.com\/de-de\/blog\/prozesse\/marketing\/events-nach-dsgvo-organisieren\/#primaryimage"},"thumbnailUrl":"https:\/\/www.orbis-group.com\/de-de\/blog\/wp-content\/uploads\/2026\/03\/Eventmanagement-und-DSGVO-Wie-Unternehmen-Events-datenschutzkonform-organisieren.jpg","keywords":["ORBIS TEM","SAP"],"articleSection":["Branchen","Branchen\u00fcbergreifend","Marketing","Personalmanagement","Prozesse","Service","Vertrieb"],"inLanguage":"de"},{"@type":"WebPage","@id":"https:\/\/www.orbis-group.com\/de-de\/blog\/prozesse\/marketing\/events-nach-dsgvo-organisieren\/","url":"https:\/\/www.orbis-group.com\/de-de\/blog\/prozesse\/marketing\/events-nach-dsgvo-organisieren\/","name":"Datenschutzkonforme Organisation im Eventmanagement","isPartOf":{"@id":"https:\/\/www.orbis-group.com\/de-de\/blog\/#website"},"primaryImageOfPage":{"@id":"https:\/\/www.orbis-group.com\/de-de\/blog\/prozesse\/marketing\/events-nach-dsgvo-organisieren\/#primaryimage"},"image":{"@id":"https:\/\/www.orbis-group.com\/de-de\/blog\/prozesse\/marketing\/events-nach-dsgvo-organisieren\/#primaryimage"},"thumbnailUrl":"https:\/\/www.orbis-group.com\/de-de\/blog\/wp-content\/uploads\/2026\/03\/Eventmanagement-und-DSGVO-Wie-Unternehmen-Events-datenschutzkonform-organisieren.jpg","datePublished":"2026-03-12T05:30:00+00:00","dateModified":"2026-03-17T08:33:21+00:00","author":{"@id":"https:\/\/www.orbis-group.com\/de-de\/blog\/#\/schema\/person\/6410346343d1565e5408204f2da8f9b6"},"description":"Erfahren Sie, wie Events DSGVO\u2011konform geplant werden \u2013 mit klaren Prozessen, weniger Risiken und smarter Eventmanagement\u2011Software.","breadcrumb":{"@id":"https:\/\/www.orbis-group.com\/de-de\/blog\/prozesse\/marketing\/events-nach-dsgvo-organisieren\/#breadcrumb"},"inLanguage":"de","potentialAction":[{"@type":"ReadAction","target":["https:\/\/www.orbis-group.com\/de-de\/blog\/prozesse\/marketing\/events-nach-dsgvo-organisieren\/"]}]},{"@type":"ImageObject","inLanguage":"de","@id":"https:\/\/www.orbis-group.com\/de-de\/blog\/prozesse\/marketing\/events-nach-dsgvo-organisieren\/#primaryimage","url":"https:\/\/www.orbis-group.com\/de-de\/blog\/wp-content\/uploads\/2026\/03\/Eventmanagement-und-DSGVO-Wie-Unternehmen-Events-datenschutzkonform-organisieren.jpg","contentUrl":"https:\/\/www.orbis-group.com\/de-de\/blog\/wp-content\/uploads\/2026\/03\/Eventmanagement-und-DSGVO-Wie-Unternehmen-Events-datenschutzkonform-organisieren.jpg","width":800,"height":400,"caption":"Eventmanagement & DSGVO"},{"@type":"BreadcrumbList","@id":"https:\/\/www.orbis-group.com\/de-de\/blog\/prozesse\/marketing\/events-nach-dsgvo-organisieren\/#breadcrumb","itemListElement":[{"@type":"ListItem","position":1,"name":"Start","item":"https:\/\/www.orbis-group.com\/de-de\/blog\/"},{"@type":"ListItem","position":2,"name":"Eventmanagement und DSGVO: Wie Unternehmen Events datenschutzkonform organisieren"}]},{"@type":"WebSite","@id":"https:\/\/www.orbis-group.com\/de-de\/blog\/#website","url":"https:\/\/www.orbis-group.com\/de-de\/blog\/","name":"ORBIS Blog","description":"In unserem Blog erfahren Sie alle Neuigkeiten rund um die ORBIS SE.","potentialAction":[{"@type":"SearchAction","target":{"@type":"EntryPoint","urlTemplate":"https:\/\/www.orbis-group.com\/de-de\/blog\/?s={search_term_string}"},"query-input":{"@type":"PropertyValueSpecification","valueRequired":true,"valueName":"search_term_string"}}],"inLanguage":"de"},{"@type":"Person","@id":"https:\/\/www.orbis-group.com\/de-de\/blog\/#\/schema\/person\/6410346343d1565e5408204f2da8f9b6","name":"Elisa von Auenm\u00fcller","image":{"@type":"ImageObject","inLanguage":"de","@id":"https:\/\/secure.gravatar.com\/avatar\/9c56ea83058f30b5a65999f47e06881d3c21bba5a10e7afc215dd4f94dc4dcea?s=96&d=mm&r=g","url":"https:\/\/secure.gravatar.com\/avatar\/9c56ea83058f30b5a65999f47e06881d3c21bba5a10e7afc215dd4f94dc4dcea?s=96&d=mm&r=g","contentUrl":"https:\/\/secure.gravatar.com\/avatar\/9c56ea83058f30b5a65999f47e06881d3c21bba5a10e7afc215dd4f94dc4dcea?s=96&d=mm&r=g","caption":"Elisa von Auenm\u00fcller"},"description":"Von Beginn ihrer beruflichen Laufbahn an lag ihr Schwerpunkt und ihre Leidenschaft in der Organisation von Events. Im Jahr 2019 entschied sich Elisa, ihren Blickwinkel zu \u00e4ndern und ihr Wissen als Eventmanagerin f\u00fcr die Verbesserung von Event-Prozessen einzusetzen: Sie arbeitet seitdem beratend an der Entwicklung der Training und Eventmanagement Software ORBIS TEM mit. Elisa reist in ihrer Freizeit gerne, am liebsten mit einem Segelboot.","url":"https:\/\/www.orbis-group.com\/de-de\/blog\/autor\/elisa-von-auenmueller\/"}]}},"_links":{"self":[{"href":"https:\/\/www.orbis-group.com\/de-de\/blog\/wp-json\/wp\/v2\/posts\/5699","targetHints":{"allow":["GET"]}}],"collection":[{"href":"https:\/\/www.orbis-group.com\/de-de\/blog\/wp-json\/wp\/v2\/posts"}],"about":[{"href":"https:\/\/www.orbis-group.com\/de-de\/blog\/wp-json\/wp\/v2\/types\/post"}],"author":[{"embeddable":true,"href":"https:\/\/www.orbis-group.com\/de-de\/blog\/wp-json\/wp\/v2\/users\/44"}],"replies":[{"embeddable":true,"href":"https:\/\/www.orbis-group.com\/de-de\/blog\/wp-json\/wp\/v2\/comments?post=5699"}],"version-history":[{"count":11,"href":"https:\/\/www.orbis-group.com\/de-de\/blog\/wp-json\/wp\/v2\/posts\/5699\/revisions"}],"predecessor-version":[{"id":5720,"href":"https:\/\/www.orbis-group.com\/de-de\/blog\/wp-json\/wp\/v2\/posts\/5699\/revisions\/5720"}],"wp:featuredmedia":[{"embeddable":true,"href":"https:\/\/www.orbis-group.com\/de-de\/blog\/wp-json\/wp\/v2\/media\/5689"}],"wp:attachment":[{"href":"https:\/\/www.orbis-group.com\/de-de\/blog\/wp-json\/wp\/v2\/media?parent=5699"}],"wp:term":[{"taxonomy":"category","embeddable":true,"href":"https:\/\/www.orbis-group.com\/de-de\/blog\/wp-json\/wp\/v2\/categories?post=5699"},{"taxonomy":"post_tag","embeddable":true,"href":"https:\/\/www.orbis-group.com\/de-de\/blog\/wp-json\/wp\/v2\/tags?post=5699"}],"curies":[{"name":"wp","href":"https:\/\/api.w.org\/{rel}","templated":true}]}}